{"id":8528,"date":"2025-10-23T09:17:17","date_gmt":"2025-10-23T09:17:17","guid":{"rendered":"https:\/\/host-curoz.be\/2025\/10\/23\/symposium-pour-medecins-generalistes\/"},"modified":"2025-10-23T09:20:22","modified_gmt":"2025-10-23T09:20:22","slug":"symposium-pour-medecins-generalistes","status":"publish","type":"post","link":"https:\/\/host-curoz.be\/fr\/2025\/10\/23\/symposium-pour-medecins-generalistes\/","title":{"rendered":"Symposium pour m\u00e9decins g\u00e9n\u00e9ralistes 27\/11\/2025"},"content":{"rendered":"\t\t<div data-elementor-type=\"wp-post\" data-elementor-id=\"8528\" class=\"elementor elementor-8528 elementor-8515\" data-elementor-post-type=\"post\">\n\t\t\t\t\t\t<section class=\"elementor-section elementor-top-section elementor-element elementor-element-b07d3c9 elementor-section-boxed elementor-section-height-default elementor-section-height-default\" data-id=\"b07d3c9\" data-element_type=\"section\" data-e-type=\"section\">\n\t\t\t\t\t\t<div class=\"elementor-container elementor-column-gap-default\">\n\t\t\t\t\t<div class=\"elementor-column elementor-col-100 elementor-top-column elementor-element elementor-element-dd33eca\" data-id=\"dd33eca\" data-element_type=\"column\" data-e-type=\"column\">\n\t\t\t<div class=\"elementor-widget-wrap elementor-element-populated\">\n\t\t\t\t\t\t<div class=\"elementor-element elementor-element-396e43b elementor-widget elementor-widget-text-editor\" data-id=\"396e43b\" data-element_type=\"widget\" data-e-type=\"widget\" data-widget_type=\"text-editor.default\">\n\t\t\t\t<div class=\"elementor-widget-container\">\n\t\t\t\t\t\t\t\t\t<p id=\"tw-target-text\" class=\"tw-data-text tw-text-large tw-ta\" dir=\"ltr\" tabindex=\"-1\" role=\"text\" data-placeholder=\"Vertaling\" data-ved=\"2ahUKEwjb4vOW-bmQAxU7fKQEHffHKq0Q3ewLegQICxAV\" aria-label=\"Vertaalde tekst: Nous vous invitons cordialement \u00e0 notre symposium bilingue destin\u00e9 aux m\u00e9decins g\u00e9n\u00e9ralistes, le jeudi 27 novembre 2025, de 19h30 \u00e0 22h00, au BIP Meeting Center de Bruxelles. Il est organis\u00e9 par les trois projets HOST de Bruxelles, en collaboration avec Vivalis. Ce symposium se d\u00e9roule dans le cadre de la Semaine mondiale de sensibilisation \u00e0 la RAM (WAM) et abordera des sujets d'actualit\u00e9 et pratiques\u00a0: Utilisation rationnelle des antibiotiques D\u00e9pistage de l'immunod\u00e9ficience Vaccination chez les personnes \u00e2g\u00e9es Conseils de vaccination pour les voyages longue distance Les sessions seront organis\u00e9es sous forme d'ateliers interactifs en petits groupes, permettant des questions pratiques et une participation active. Informations pratiques\u00a0: La participation est gratuite, mais l'inscription est obligatoire. Places limit\u00e9es \u00e0 50\u00a0places\u00a0\u2013 alors d\u00e9p\u00eachez-vous\u00a0! Lien d'inscription et programme\u00a0: voir pi\u00e8ce jointe. Nous vous serions tr\u00e8s reconnaissants de bien vouloir partager cette invitation avec vos coll\u00e8gues de la LOK. Cordialement, Tina De Beer\"><span class=\"Y2IQFc\" lang=\"fr\">Nous vous invitons cordialement \u00e0 notre <strong>symposium<\/strong> bilingue destin\u00e9 aux <strong>m\u00e9decins g\u00e9n\u00e9ralistes<\/strong>, le jeudi <strong>27 novembre 2025<\/strong>, de <strong>19h30 \u00e0 22h00<\/strong>, au <strong>BIP Meeting Center<\/strong> de Bruxelles. Il est organis\u00e9 par les trois projets HOST de Bruxelles, en collaboration avec Vivalis. <\/span><\/p><p><span class=\"Y2IQFc\" lang=\"fr\">Ce symposium se d\u00e9roule dans le cadre de la Semaine mondiale de sensibilisation \u00e0 la r\u00e9sistance aux antimicrobiens (WAAW) et abordera des sujets d&rsquo;actualit\u00e9 et pratiques :<\/span><\/p><ul><li><strong><span class=\"Y2IQFc\" lang=\"fr\">Utilisation rationnelle des antibiotiques <\/span><\/strong><\/li><li><strong><span class=\"Y2IQFc\" lang=\"fr\">D\u00e9pistage de l&rsquo;immunod\u00e9ficience <\/span><\/strong><\/li><li><strong><span class=\"Y2IQFc\" lang=\"fr\">Vaccination chez les personnes \u00e2g\u00e9es <\/span><\/strong><\/li><li><strong><span class=\"Y2IQFc\" lang=\"fr\">Conseils de vaccination pour les voyages longue distance<\/span><\/strong><\/li><\/ul><p>\u00a0<\/p><p><span class=\"Y2IQFc\" lang=\"fr\">Les sessions seront organis\u00e9es sous forme d&rsquo;<strong>ateliers interactifs<\/strong> en petits groupes, permettant des questions pratiques et une participation active. <\/span><\/p><p><span class=\"Y2IQFc\" lang=\"fr\">Informations pratiques : <\/span><\/p><ul><li><span class=\"Y2IQFc\" lang=\"fr\">La participation est <strong>gratuite<\/strong>, mais l&rsquo;<strong>inscription est obligatoire<\/strong>. <\/span><\/li><li><span class=\"Y2IQFc\" lang=\"fr\"><strong>Limit\u00e9es \u00e0 50 places<\/strong> \u2013 alors d\u00e9p\u00eachez-vous ! <\/span><\/li><li><strong><span style=\"color: #333399;\"><a style=\"color: #333399;\" href=\"https:\/\/host-curoz.be\/wp-content\/uploads\/2025\/10\/20251023_Symposium_FR_aangepast.pdf\"><span class=\"Y2IQFc\" lang=\"fr\">Lien d&rsquo;inscription et programme &#8211; cliquez ici<\/span><\/a>!<\/span><\/strong><\/li><\/ul><p><img fetchpriority=\"high\" decoding=\"async\" class=\"alignnone size-medium wp-image-7692\" src=\"https:\/\/host-curoz.be\/wp-content\/uploads\/2024\/11\/Logo-officieel-300x248.png\" alt=\"\" width=\"300\" height=\"248\" srcset=\"https:\/\/host-curoz.be\/wp-content\/uploads\/2024\/11\/Logo-officieel-300x248.png 300w, https:\/\/host-curoz.be\/wp-content\/uploads\/2024\/11\/Logo-officieel.png 304w\" sizes=\"(max-width: 300px) 100vw, 300px\" \/><\/p>\t\t\t\t\t\t\t\t<\/div>\n\t\t\t\t<\/div>\n\t\t\t\t\t<\/div>\n\t\t<\/div>\n\t\t\t\t\t<\/div>\n\t\t<\/section>\n\t\t\t\t<\/div>\n\t\t","protected":false},"excerpt":{"rendered":"<p>Nous vous invitons cordialement \u00e0 notre symposium bilingue destin\u00e9 aux m\u00e9decins g\u00e9n\u00e9ralistes, le jeudi 27 novembre 2025, de 19h30 \u00e0 22h00, au BIP Meeting Center de Bruxelles. Il est organis\u00e9 par les trois projets HOST de Bruxelles, en collaboration avec Vivalis. Ce symposium se d\u00e9roule dans le cadre de la Semaine mondiale de sensibilisation \u00e0 [&hellip;]<\/p>\n","protected":false},"author":3,"featured_media":7693,"comment_status":"closed","ping_status":"closed","sticky":false,"template":"","format":"standard","meta":{"footnotes":""},"categories":[1],"tags":[],"class_list":["post-8528","post","type-post","status-publish","format-standard","has-post-thumbnail","hentry","category-geen-onderdeel-van-een-categorie"],"yoast_head":"<!-- This site is optimized with the Yoast SEO plugin v27.5 - https:\/\/yoast.com\/product\/yoast-seo-wordpress\/ -->\n<title>Symposium pour m\u00e9decins g\u00e9n\u00e9ralistes 27\/11\/2025 - Curoz Host<\/title>\n<meta name=\"robots\" content=\"index, follow, max-snippet:-1, max-image-preview:large, max-video-preview:-1\" \/>\n<link rel=\"canonical\" href=\"https:\/\/host-curoz.be\/fr\/2025\/10\/23\/symposium-pour-medecins-generalistes\/\" \/>\n<meta property=\"og:locale\" content=\"fr_FR\" \/>\n<meta property=\"og:type\" content=\"article\" \/>\n<meta property=\"og:title\" content=\"Symposium pour m\u00e9decins g\u00e9n\u00e9ralistes 27\/11\/2025 - Curoz Host\" \/>\n<meta property=\"og:description\" content=\"Nous vous invitons cordialement \u00e0 notre symposium bilingue destin\u00e9 aux m\u00e9decins g\u00e9n\u00e9ralistes, le jeudi 27 novembre 2025, de 19h30 \u00e0 22h00, au BIP Meeting Center de Bruxelles. Il est organis\u00e9 par les trois projets HOST de Bruxelles, en collaboration avec Vivalis. Ce symposium se d\u00e9roule dans le cadre de la Semaine mondiale de sensibilisation \u00e0 [&hellip;]\" \/>\n<meta property=\"og:url\" content=\"https:\/\/host-curoz.be\/fr\/2025\/10\/23\/symposium-pour-medecins-generalistes\/\" \/>\n<meta property=\"og:site_name\" content=\"Curoz Host\" \/>\n<meta property=\"article:published_time\" content=\"2025-10-23T09:17:17+00:00\" \/>\n<meta property=\"article:modified_time\" content=\"2025-10-23T09:20:22+00:00\" \/>\n<meta property=\"og:image\" content=\"https:\/\/host-curoz.be\/wp-content\/uploads\/2024\/11\/Logo-officieel.png\" \/>\n\t<meta property=\"og:image:width\" content=\"304\" \/>\n\t<meta property=\"og:image:height\" content=\"251\" \/>\n\t<meta property=\"og:image:type\" content=\"image\/png\" \/>\n<meta name=\"author\" content=\"Tina\" \/>\n<meta name=\"twitter:card\" content=\"summary_large_image\" \/>\n<meta name=\"twitter:label1\" content=\"\u00c9crit par\" \/>\n\t<meta name=\"twitter:data1\" content=\"Tina\" \/>\n\t<meta name=\"twitter:label2\" content=\"Dur\u00e9e de lecture estim\u00e9e\" \/>\n\t<meta name=\"twitter:data2\" content=\"2 minutes\" \/>\n<script type=\"application\/ld+json\" class=\"yoast-schema-graph\">{\"@context\":\"https:\\\/\\\/schema.org\",\"@graph\":[{\"@type\":\"Article\",\"@id\":\"https:\\\/\\\/host-curoz.be\\\/fr\\\/2025\\\/10\\\/23\\\/symposium-pour-medecins-generalistes\\\/#article\",\"isPartOf\":{\"@id\":\"https:\\\/\\\/host-curoz.be\\\/fr\\\/2025\\\/10\\\/23\\\/symposium-pour-medecins-generalistes\\\/\"},\"author\":{\"name\":\"Tina\",\"@id\":\"https:\\\/\\\/host-curoz.be\\\/fr\\\/#\\\/schema\\\/person\\\/2f122827c8678bb639983b77967c566d\"},\"headline\":\"Symposium pour m\u00e9decins g\u00e9n\u00e9ralistes 27\\\/11\\\/2025\",\"datePublished\":\"2025-10-23T09:17:17+00:00\",\"dateModified\":\"2025-10-23T09:20:22+00:00\",\"mainEntityOfPage\":{\"@id\":\"https:\\\/\\\/host-curoz.be\\\/fr\\\/2025\\\/10\\\/23\\\/symposium-pour-medecins-generalistes\\\/\"},\"wordCount\":146,\"publisher\":{\"@id\":\"https:\\\/\\\/host-curoz.be\\\/fr\\\/#organization\"},\"image\":{\"@id\":\"https:\\\/\\\/host-curoz.be\\\/fr\\\/2025\\\/10\\\/23\\\/symposium-pour-medecins-generalistes\\\/#primaryimage\"},\"thumbnailUrl\":\"https:\\\/\\\/host-curoz.be\\\/wp-content\\\/uploads\\\/2024\\\/11\\\/Logo-officieel.png\",\"articleSection\":[\"Geen onderdeel van een categorie\"],\"inLanguage\":\"fr-FR\"},{\"@type\":\"WebPage\",\"@id\":\"https:\\\/\\\/host-curoz.be\\\/fr\\\/2025\\\/10\\\/23\\\/symposium-pour-medecins-generalistes\\\/\",\"url\":\"https:\\\/\\\/host-curoz.be\\\/fr\\\/2025\\\/10\\\/23\\\/symposium-pour-medecins-generalistes\\\/\",\"name\":\"Symposium pour m\u00e9decins g\u00e9n\u00e9ralistes 27\\\/11\\\/2025 - Curoz Host\",\"isPartOf\":{\"@id\":\"https:\\\/\\\/host-curoz.be\\\/fr\\\/#website\"},\"primaryImageOfPage\":{\"@id\":\"https:\\\/\\\/host-curoz.be\\\/fr\\\/2025\\\/10\\\/23\\\/symposium-pour-medecins-generalistes\\\/#primaryimage\"},\"image\":{\"@id\":\"https:\\\/\\\/host-curoz.be\\\/fr\\\/2025\\\/10\\\/23\\\/symposium-pour-medecins-generalistes\\\/#primaryimage\"},\"thumbnailUrl\":\"https:\\\/\\\/host-curoz.be\\\/wp-content\\\/uploads\\\/2024\\\/11\\\/Logo-officieel.png\",\"datePublished\":\"2025-10-23T09:17:17+00:00\",\"dateModified\":\"2025-10-23T09:20:22+00:00\",\"breadcrumb\":{\"@id\":\"https:\\\/\\\/host-curoz.be\\\/fr\\\/2025\\\/10\\\/23\\\/symposium-pour-medecins-generalistes\\\/#breadcrumb\"},\"inLanguage\":\"fr-FR\",\"potentialAction\":[{\"@type\":\"ReadAction\",\"target\":[\"https:\\\/\\\/host-curoz.be\\\/fr\\\/2025\\\/10\\\/23\\\/symposium-pour-medecins-generalistes\\\/\"]}]},{\"@type\":\"ImageObject\",\"inLanguage\":\"fr-FR\",\"@id\":\"https:\\\/\\\/host-curoz.be\\\/fr\\\/2025\\\/10\\\/23\\\/symposium-pour-medecins-generalistes\\\/#primaryimage\",\"url\":\"https:\\\/\\\/host-curoz.be\\\/wp-content\\\/uploads\\\/2024\\\/11\\\/Logo-officieel.png\",\"contentUrl\":\"https:\\\/\\\/host-curoz.be\\\/wp-content\\\/uploads\\\/2024\\\/11\\\/Logo-officieel.png\",\"width\":304,\"height\":251},{\"@type\":\"BreadcrumbList\",\"@id\":\"https:\\\/\\\/host-curoz.be\\\/fr\\\/2025\\\/10\\\/23\\\/symposium-pour-medecins-generalistes\\\/#breadcrumb\",\"itemListElement\":[{\"@type\":\"ListItem\",\"position\":1,\"name\":\"Home\",\"item\":\"https:\\\/\\\/host-curoz.be\\\/fr\\\/\"},{\"@type\":\"ListItem\",\"position\":2,\"name\":\"Symposium pour m\u00e9decins g\u00e9n\u00e9ralistes 27\\\/11\\\/2025\"}]},{\"@type\":\"WebSite\",\"@id\":\"https:\\\/\\\/host-curoz.be\\\/fr\\\/#website\",\"url\":\"https:\\\/\\\/host-curoz.be\\\/fr\\\/\",\"name\":\"Curoz Host\",\"description\":\"\",\"publisher\":{\"@id\":\"https:\\\/\\\/host-curoz.be\\\/fr\\\/#organization\"},\"potentialAction\":[{\"@type\":\"SearchAction\",\"target\":{\"@type\":\"EntryPoint\",\"urlTemplate\":\"https:\\\/\\\/host-curoz.be\\\/fr\\\/?s={search_term_string}\"},\"query-input\":{\"@type\":\"PropertyValueSpecification\",\"valueRequired\":true,\"valueName\":\"search_term_string\"}}],\"inLanguage\":\"fr-FR\"},{\"@type\":\"Organization\",\"@id\":\"https:\\\/\\\/host-curoz.be\\\/fr\\\/#organization\",\"name\":\"Curoz Host\",\"url\":\"https:\\\/\\\/host-curoz.be\\\/fr\\\/\",\"logo\":{\"@type\":\"ImageObject\",\"inLanguage\":\"fr-FR\",\"@id\":\"https:\\\/\\\/host-curoz.be\\\/fr\\\/#\\\/schema\\\/logo\\\/image\\\/\",\"url\":\"https:\\\/\\\/host-curoz.be\\\/wp-content\\\/uploads\\\/2022\\\/06\\\/HOST-CUROZ.png\",\"contentUrl\":\"https:\\\/\\\/host-curoz.be\\\/wp-content\\\/uploads\\\/2022\\\/06\\\/HOST-CUROZ.png\",\"width\":208,\"height\":216,\"caption\":\"Curoz Host\"},\"image\":{\"@id\":\"https:\\\/\\\/host-curoz.be\\\/fr\\\/#\\\/schema\\\/logo\\\/image\\\/\"}},{\"@type\":\"Person\",\"@id\":\"https:\\\/\\\/host-curoz.be\\\/fr\\\/#\\\/schema\\\/person\\\/2f122827c8678bb639983b77967c566d\",\"name\":\"Tina\",\"image\":{\"@type\":\"ImageObject\",\"inLanguage\":\"fr-FR\",\"@id\":\"https:\\\/\\\/secure.gravatar.com\\\/avatar\\\/16cd6ce14bb04a85718ae529bba8b4666750164458e3d7f0eafd840d723ed3e8?s=96&d=mm&r=g\",\"url\":\"https:\\\/\\\/secure.gravatar.com\\\/avatar\\\/16cd6ce14bb04a85718ae529bba8b4666750164458e3d7f0eafd840d723ed3e8?s=96&d=mm&r=g\",\"contentUrl\":\"https:\\\/\\\/secure.gravatar.com\\\/avatar\\\/16cd6ce14bb04a85718ae529bba8b4666750164458e3d7f0eafd840d723ed3e8?s=96&d=mm&r=g\",\"caption\":\"Tina\"},\"url\":\"https:\\\/\\\/host-curoz.be\\\/fr\\\/author\\\/tina\\\/\"}]}<\/script>\n<!-- \/ Yoast SEO plugin. -->","yoast_head_json":{"title":"Symposium pour m\u00e9decins g\u00e9n\u00e9ralistes 27\/11\/2025 - Curoz Host","robots":{"index":"index","follow":"follow","max-snippet":"max-snippet:-1","max-image-preview":"max-image-preview:large","max-video-preview":"max-video-preview:-1"},"canonical":"https:\/\/host-curoz.be\/fr\/2025\/10\/23\/symposium-pour-medecins-generalistes\/","og_locale":"fr_FR","og_type":"article","og_title":"Symposium pour m\u00e9decins g\u00e9n\u00e9ralistes 27\/11\/2025 - Curoz Host","og_description":"Nous vous invitons cordialement \u00e0 notre symposium bilingue destin\u00e9 aux m\u00e9decins g\u00e9n\u00e9ralistes, le jeudi 27 novembre 2025, de 19h30 \u00e0 22h00, au BIP Meeting Center de Bruxelles. Il est organis\u00e9 par les trois projets HOST de Bruxelles, en collaboration avec Vivalis. Ce symposium se d\u00e9roule dans le cadre de la Semaine mondiale de sensibilisation \u00e0 [&hellip;]","og_url":"https:\/\/host-curoz.be\/fr\/2025\/10\/23\/symposium-pour-medecins-generalistes\/","og_site_name":"Curoz Host","article_published_time":"2025-10-23T09:17:17+00:00","article_modified_time":"2025-10-23T09:20:22+00:00","og_image":[{"width":304,"height":251,"url":"https:\/\/host-curoz.be\/wp-content\/uploads\/2024\/11\/Logo-officieel.png","type":"image\/png"}],"author":"Tina","twitter_card":"summary_large_image","twitter_misc":{"\u00c9crit par":"Tina","Dur\u00e9e de lecture estim\u00e9e":"2 minutes"},"schema":{"@context":"https:\/\/schema.org","@graph":[{"@type":"Article","@id":"https:\/\/host-curoz.be\/fr\/2025\/10\/23\/symposium-pour-medecins-generalistes\/#article","isPartOf":{"@id":"https:\/\/host-curoz.be\/fr\/2025\/10\/23\/symposium-pour-medecins-generalistes\/"},"author":{"name":"Tina","@id":"https:\/\/host-curoz.be\/fr\/#\/schema\/person\/2f122827c8678bb639983b77967c566d"},"headline":"Symposium pour m\u00e9decins g\u00e9n\u00e9ralistes 27\/11\/2025","datePublished":"2025-10-23T09:17:17+00:00","dateModified":"2025-10-23T09:20:22+00:00","mainEntityOfPage":{"@id":"https:\/\/host-curoz.be\/fr\/2025\/10\/23\/symposium-pour-medecins-generalistes\/"},"wordCount":146,"publisher":{"@id":"https:\/\/host-curoz.be\/fr\/#organization"},"image":{"@id":"https:\/\/host-curoz.be\/fr\/2025\/10\/23\/symposium-pour-medecins-generalistes\/#primaryimage"},"thumbnailUrl":"https:\/\/host-curoz.be\/wp-content\/uploads\/2024\/11\/Logo-officieel.png","articleSection":["Geen onderdeel van een categorie"],"inLanguage":"fr-FR"},{"@type":"WebPage","@id":"https:\/\/host-curoz.be\/fr\/2025\/10\/23\/symposium-pour-medecins-generalistes\/","url":"https:\/\/host-curoz.be\/fr\/2025\/10\/23\/symposium-pour-medecins-generalistes\/","name":"Symposium pour m\u00e9decins g\u00e9n\u00e9ralistes 27\/11\/2025 - Curoz Host","isPartOf":{"@id":"https:\/\/host-curoz.be\/fr\/#website"},"primaryImageOfPage":{"@id":"https:\/\/host-curoz.be\/fr\/2025\/10\/23\/symposium-pour-medecins-generalistes\/#primaryimage"},"image":{"@id":"https:\/\/host-curoz.be\/fr\/2025\/10\/23\/symposium-pour-medecins-generalistes\/#primaryimage"},"thumbnailUrl":"https:\/\/host-curoz.be\/wp-content\/uploads\/2024\/11\/Logo-officieel.png","datePublished":"2025-10-23T09:17:17+00:00","dateModified":"2025-10-23T09:20:22+00:00","breadcrumb":{"@id":"https:\/\/host-curoz.be\/fr\/2025\/10\/23\/symposium-pour-medecins-generalistes\/#breadcrumb"},"inLanguage":"fr-FR","potentialAction":[{"@type":"ReadAction","target":["https:\/\/host-curoz.be\/fr\/2025\/10\/23\/symposium-pour-medecins-generalistes\/"]}]},{"@type":"ImageObject","inLanguage":"fr-FR","@id":"https:\/\/host-curoz.be\/fr\/2025\/10\/23\/symposium-pour-medecins-generalistes\/#primaryimage","url":"https:\/\/host-curoz.be\/wp-content\/uploads\/2024\/11\/Logo-officieel.png","contentUrl":"https:\/\/host-curoz.be\/wp-content\/uploads\/2024\/11\/Logo-officieel.png","width":304,"height":251},{"@type":"BreadcrumbList","@id":"https:\/\/host-curoz.be\/fr\/2025\/10\/23\/symposium-pour-medecins-generalistes\/#breadcrumb","itemListElement":[{"@type":"ListItem","position":1,"name":"Home","item":"https:\/\/host-curoz.be\/fr\/"},{"@type":"ListItem","position":2,"name":"Symposium pour m\u00e9decins g\u00e9n\u00e9ralistes 27\/11\/2025"}]},{"@type":"WebSite","@id":"https:\/\/host-curoz.be\/fr\/#website","url":"https:\/\/host-curoz.be\/fr\/","name":"Curoz Host","description":"","publisher":{"@id":"https:\/\/host-curoz.be\/fr\/#organization"},"potentialAction":[{"@type":"SearchAction","target":{"@type":"EntryPoint","urlTemplate":"https:\/\/host-curoz.be\/fr\/?s={search_term_string}"},"query-input":{"@type":"PropertyValueSpecification","valueRequired":true,"valueName":"search_term_string"}}],"inLanguage":"fr-FR"},{"@type":"Organization","@id":"https:\/\/host-curoz.be\/fr\/#organization","name":"Curoz Host","url":"https:\/\/host-curoz.be\/fr\/","logo":{"@type":"ImageObject","inLanguage":"fr-FR","@id":"https:\/\/host-curoz.be\/fr\/#\/schema\/logo\/image\/","url":"https:\/\/host-curoz.be\/wp-content\/uploads\/2022\/06\/HOST-CUROZ.png","contentUrl":"https:\/\/host-curoz.be\/wp-content\/uploads\/2022\/06\/HOST-CUROZ.png","width":208,"height":216,"caption":"Curoz Host"},"image":{"@id":"https:\/\/host-curoz.be\/fr\/#\/schema\/logo\/image\/"}},{"@type":"Person","@id":"https:\/\/host-curoz.be\/fr\/#\/schema\/person\/2f122827c8678bb639983b77967c566d","name":"Tina","image":{"@type":"ImageObject","inLanguage":"fr-FR","@id":"https:\/\/secure.gravatar.com\/avatar\/16cd6ce14bb04a85718ae529bba8b4666750164458e3d7f0eafd840d723ed3e8?s=96&d=mm&r=g","url":"https:\/\/secure.gravatar.com\/avatar\/16cd6ce14bb04a85718ae529bba8b4666750164458e3d7f0eafd840d723ed3e8?s=96&d=mm&r=g","contentUrl":"https:\/\/secure.gravatar.com\/avatar\/16cd6ce14bb04a85718ae529bba8b4666750164458e3d7f0eafd840d723ed3e8?s=96&d=mm&r=g","caption":"Tina"},"url":"https:\/\/host-curoz.be\/fr\/author\/tina\/"}]}},"_links":{"self":[{"href":"https:\/\/host-curoz.be\/fr\/wp-json\/wp\/v2\/posts\/8528","targetHints":{"allow":["GET"]}}],"collection":[{"href":"https:\/\/host-curoz.be\/fr\/wp-json\/wp\/v2\/posts"}],"about":[{"href":"https:\/\/host-curoz.be\/fr\/wp-json\/wp\/v2\/types\/post"}],"author":[{"embeddable":true,"href":"https:\/\/host-curoz.be\/fr\/wp-json\/wp\/v2\/users\/3"}],"replies":[{"embeddable":true,"href":"https:\/\/host-curoz.be\/fr\/wp-json\/wp\/v2\/comments?post=8528"}],"version-history":[{"count":5,"href":"https:\/\/host-curoz.be\/fr\/wp-json\/wp\/v2\/posts\/8528\/revisions"}],"predecessor-version":[{"id":8534,"href":"https:\/\/host-curoz.be\/fr\/wp-json\/wp\/v2\/posts\/8528\/revisions\/8534"}],"wp:featuredmedia":[{"embeddable":true,"href":"https:\/\/host-curoz.be\/fr\/wp-json\/wp\/v2\/media\/7693"}],"wp:attachment":[{"href":"https:\/\/host-curoz.be\/fr\/wp-json\/wp\/v2\/media?parent=8528"}],"wp:term":[{"taxonomy":"category","embeddable":true,"href":"https:\/\/host-curoz.be\/fr\/wp-json\/wp\/v2\/categories?post=8528"},{"taxonomy":"post_tag","embeddable":true,"href":"https:\/\/host-curoz.be\/fr\/wp-json\/wp\/v2\/tags?post=8528"}],"curies":[{"name":"wp","href":"https:\/\/api.w.org\/{rel}","templated":true}]}}